{"id":179,"date":"2013-12-08T21:07:46","date_gmt":"2013-12-08T20:07:46","guid":{"rendered":"http:\/\/uscadalen.fr\/?p=179"},"modified":"2013-12-08T21:30:17","modified_gmt":"2013-12-08T20:30:17","slug":"equipe-1-9eme-journee-de-championnat-lescure-as-2-cadalen-us","status":"publish","type":"post","link":"http:\/\/uscadalen.fr\/?p=179","title":{"rendered":"Equipe 1 &#8211; 9\u00e8me Journ\u00e9e de Championnat : Lescure AS 2 &#8211; Cadalen US"},"content":{"rendered":"<table>\n<tbody>\n<tr>\n<td><center><strong>L&rsquo;\u00e9quipe fanion de Cadalen<\/strong> se d\u00e9pla\u00e7ait ce dimanche apr\u00e8s midi sur le terrain de <strong>Lescure <\/strong>afin d&rsquo;y affronter leur <strong>\u00e9quipe 2<\/strong> pour le compte de la <strong>9\u00e8me Journ\u00e9e de Championnat.<\/strong><\/center><\/td>\n<td><img decoding=\"async\" alt=\"\" src=\"http:\/\/uscadalen.fr\/wp-includes\/images\/logos\/champ1.png\" \/><\/td>\n<\/tr>\n<\/tbody>\n<\/table>\n<p><center>\u00a0Les Cadalennois restent sur une victoire mais sur un bilan mitig\u00e9 alors que les opposants du jour ont<\/center><center>perdu 1 seul match mais n&rsquo;en ont \u00e9galement gagn\u00e9 qu&rsquo;un seul.<\/center><center>\u00a0<\/center><center>Le match d\u00e9bute et les locaux prennent le jeu \u00e0 leur compte d\u00e9s l&rsquo;entame de match. Ils se procurents quelques actions de but et l&rsquo;une d&rsquo;elle va finir par payer. Leur attaquant va \u00eatre trouv\u00e9 dans la surface apr\u00e8s un rat\u00e9 de son co\u00e9quipier, lequel va prendre le ballon de vol\u00e9e pour tromper Seb qui ne pourra rien faire sur ce tir.<\/center><center>Lescure va continuer \u00e0 cr\u00e9er du jeu et va marquer un nouveau but avant la pause sur une action bien r\u00e9alis\u00e9e.<\/center><center>\u00a0<\/center><center>L&rsquo;arbitre va renvoyer tout le monde au vestiaire, score logique \u00e0 la mi-temps, Cadalen n&rsquo;aura jamais su imposer son jeu ainsi que son physique dans cette premi\u00e8re p\u00e9riode.<\/center><center>\u00a0<\/center><center>La deuxi\u00e8me mi-temps ne sera gu\u00e8re plus interessante pour les visiteurs, lesquels vont encaisser un nouveau but sur une erreur d\u00e9fensive. Un petit sursaut d&rsquo;orgueil en fin de match permettra aux rouges et noirs de se procurer quelques occasions mais rien d&rsquo;alertant pour les locaux. Le match se terminera sur ce score de 3 buts \u00e0 0.\u00a0\u00a0 \ud83d\ude41<\/center><center>\u00a0<\/center><center>Cadalen a r\u00e9alis\u00e9 une tr\u00e8s mauvaise partie, il y avait clairement un manque d&rsquo;implication et de motivation de la part des joueurs. Il va falloir rapidement relever la t\u00eate d\u00e9s le week end prochain contre Gaillac \u00e0 domicile, dimanche 15h.\u00a0\u00a0 \ud83d\ude09<\/center><center>\u00a0<\/center><center>Cette d\u00e9faite place de nouveau l&rsquo;\u00e9quipe dans une situation difficile, 8\u00e8me au championnat.<\/center><center>Le maintien va \u00eatre un long combat.<\/center><center>\u00a0<\/center><center><strong>Score Final : 3-0<\/strong><\/center><\/p>\n","protected":false},"excerpt":{"rendered":"<p>L&rsquo;\u00e9quipe fanion de Cadalen se d\u00e9pla\u00e7ait ce dimanche apr\u00e8s midi sur le terrain de Lescure afin d&rsquo;y affronter leur \u00e9quipe 2 pour le compte de la 9\u00e8me Journ\u00e9e de Championnat. \u00a0Les Cadalennois restent sur une victoire mais sur un bilan &hellip; <a href=\"http:\/\/uscadalen.fr\/?p=179\">Lire la suite\u00ad\u00ad<\/a><\/p>\n","protected":false},"author":1,"featured_media":0,"comment_status":"open","ping_status":"open","sticky":false,"template":"","format":"standard","meta":{"footnotes":""},"categories":[1],"tags":[],"class_list":["post-179","post","type-post","status-publish","format-standard","hentry","category-non-classe"],"_links":{"self":[{"href":"http:\/\/uscadalen.fr\/index.php?rest_route=\/wp\/v2\/posts\/179"}],"collection":[{"href":"http:\/\/uscadalen.fr\/index.php?rest_route=\/wp\/v2\/posts"}],"about":[{"href":"http:\/\/uscadalen.fr\/index.php?rest_route=\/wp\/v2\/types\/post"}],"author":[{"embeddable":true,"href":"http:\/\/uscadalen.fr\/index.php?rest_route=\/wp\/v2\/users\/1"}],"replies":[{"embeddable":true,"href":"http:\/\/uscadalen.fr\/index.php?rest_route=%2Fwp%2Fv2%2Fcomments&post=179"}],"version-history":[{"count":14,"href":"http:\/\/uscadalen.fr\/index.php?rest_route=\/wp\/v2\/posts\/179\/revisions"}],"predecessor-version":[{"id":193,"href":"http:\/\/uscadalen.fr\/index.php?rest_route=\/wp\/v2\/posts\/179\/revisions\/193"}],"wp:attachment":[{"href":"http:\/\/uscadalen.fr\/index.php?rest_route=%2Fwp%2Fv2%2Fmedia&parent=179"}],"wp:term":[{"taxonomy":"category","embeddable":true,"href":"http:\/\/uscadalen.fr\/index.php?rest_route=%2Fwp%2Fv2%2Fcategories&post=179"},{"taxonomy":"post_tag","embeddable":true,"href":"http:\/\/uscadalen.fr\/index.php?rest_route=%2Fwp%2Fv2%2Ftags&post=179"}],"curies":[{"name":"wp","href":"https:\/\/api.w.org\/{rel}","templated":true}]}}