{"id":170,"date":"2013-12-03T16:52:17","date_gmt":"2013-12-03T15:52:17","guid":{"rendered":"http:\/\/uscadalen.fr\/?p=170"},"modified":"2013-12-03T16:55:57","modified_gmt":"2013-12-03T15:55:57","slug":"equipe-1-8eme-journee-de-championnat-cadalen-us-terssac-afc","status":"publish","type":"post","link":"http:\/\/uscadalen.fr\/?p=170","title":{"rendered":"Equipe 1 &#8211; 8\u00e8me Journ\u00e9e de Championnat : Cadalen US &#8211; Terssac AFC"},"content":{"rendered":"<table width=\"1161\">\n<tbody>\n<tr>\n<td><img decoding=\"async\" alt=\"\" src=\"http:\/\/uscadalen.fr\/wp-includes\/images\/logos\/champ1.png\" \/><\/td>\n<td style=\"text-align: center;\">C\u2019est avec un triste bilan de quatre d\u00e9faites de rang que <strong>l\u2019\u00e9quipe<\/strong> 1 recevait ce week-end <strong>Terssac<\/strong>, dont la derni\u00e8re victoire remontait \u00e0 presque deux mois.<\/td>\n<\/tr>\n<\/tbody>\n<\/table>\n<p style=\"text-align: center;\">Dans cette poule extr\u00eamement serr\u00e9e o\u00f9, comme le dit bien assez souvent le coach, le dernier peut gagner contre le premier les journ\u00e9es d\u00e9filent et ne se ressemblent pas. Il fallait donc que les rouges et noirs profitent de ce match \u00e0 domicile pour stopper la spirale n\u00e9gative dans laquelle elle se trouve depuis plusieurs journ\u00e9es.<\/p>\n<p style=\"text-align: center;\">La composition de d\u00e9part est l\u2019habituel 5-4-1 et l\u2019objectif du d\u00e9but de partie est simple : ne pas prendre de but rapidement et imposer le combat physique dans les duels et au milieu du terrain. Les premi\u00e8res intentions cadal\u00e9noises sont bonnes mais manquent souvent de pr\u00e9cision \u00e0 l\u2019approche des vingt derniers m\u00e8tres.\u00a0 \ud83d\ude41<\/p>\n<p style=\"text-align: center;\">Les locaux se procurent quelques occasions sans pour autant parvenir \u00e0 mettre en difficult\u00e9 le gardien adverse. A l\u2019image d\u2019Alexis qui manque de peu sa reprise sur un bon centre de Guilhem. Le premier \u00e0 alerter le portier de Terssac est Mathieu sur un coup-franc d\u00e9pos\u00e9 sous la transversale. Mais la claquette du gardien lui emp\u00eache d\u2019ouvrir son compteur but cette saison. La d\u00e9fense est bien en place mais en voulant jouer rapidement un coup-franc pour relancer au milieu de terrain, les cadal\u00e9nois se font surprendre par le pressing des attaquants et perdent le ballon. Au terme du contre men\u00e9 en surnombre l\u2019attaquant de Terssac ajuste S\u00e9bastien, qui ne peut rien faire, d\u2019un plat du pied. Les visiteurs ouvrent le score. Toutefois le but est entach\u00e9 d\u2019une grossi\u00e8re faute au d\u00e9part de l\u2019action, que M l\u2019arbitre du jour n\u2019a pas jug\u00e9 utile de signaler.\u00a0 \ud83d\ude0e<\/p>\n<p style=\"text-align: center;\">Les locaux rejoignent les vestiaires sur le score de 0-1 avec des regrets mais loin d\u2019\u00eatre battu.\u00a0 \ud83d\ude09<\/p>\n<p style=\"text-align: center;\">A la pause, le coach op\u00e8re un changement tactique qui va modifier la physionomie du match. D\u00e8s le retour sur la pelouse, le passage en 4-4-2 p\u00e8se sur la d\u00e9fense des visiteurs mais ils parviennent toujours \u00e0 garder la cage de leur gardien inviol\u00e9e. Apr\u00e8s avoir r\u00e9sist\u00e9 \u00e0 plusieurs offensives, la d\u00e9fense adverse finit par commettre une erreur. Sur une intrusion dans la surface d\u2019Adi, replac\u00e9 en attaque \u00e0 la mi-temps, le stoppeur touche le ballon de la main en taclant. L\u2019arbitre signale le point de penalty sans h\u00e9sitation. Chris se charge de le transformer et les compteurs sont remis \u00e0 z\u00e9ro. A partir de l\u00e0 Terssac perd le fil de son jeu et Cadalen en profite pour prendre l\u2019avantage. Sur une touche rapidement jou\u00e9 par C\u00e9dric, Guilhem d\u00e9livre un caviar de l\u2019ext\u00e9rieur \u00e0 Adi esseul\u00e9 dans la surface, qui va plein de sang froid remporter son face \u00e0 face avec le gardien. Adi inscrit m\u00eame (virtuellement) un doubl\u00e9 quelques minutes plus tard, mais \u00ab par inadvertance \u00bb le juge de touche signale un hors-jeu inexistant qui annule le but. En fin de match, il faut un excellent arr\u00eat, son unique de l\u2019apr\u00e8s midi, de S\u00e9b sur un coup-franc bien plac\u00e9 et un sauvetage in extremis de Mat sur la ligne pour conserver ce pr\u00e9cieux but d\u2019avance.<\/p>\n<p style=\"text-align: center;\">Au terme des 90 minutes, Cadalen s\u2019impose finalement 2 \u00e0 1 et renoue enfin avec la victoire apr\u00e8s deux mois de disette.\u00a0 \ud83d\ude00<\/p>\n<p style=\"text-align: center;\">Prochain rendez-vous \u00e0 domicile contre le voisin gaillacois le 15 d\u00e9cembre pour confirmer ce retour dans une dynamique positive.\u00a0 \ud83d\ude42<\/p>\n<p style=\"text-align: center;\"><strong>Score : 2-1<\/strong><br \/>\nButeurs : Christophe Valente (s.p) &amp; Adrien Segura<\/p>\n<p style=\"text-align: center;\">\n<p style=\"text-align: left;\"><em>Article r\u00e9alis\u00e9 par Massoutier Vincent<\/em><\/p>\n","protected":false},"excerpt":{"rendered":"<p>C\u2019est avec un triste bilan de quatre d\u00e9faites de rang que l\u2019\u00e9quipe 1 recevait ce week-end Terssac, dont la derni\u00e8re victoire remontait \u00e0 presque deux mois. Dans cette poule extr\u00eamement serr\u00e9e o\u00f9, comme le dit bien assez souvent le coach, &hellip; <a href=\"http:\/\/uscadalen.fr\/?p=170\">Lire la suite\u00ad\u00ad<\/a><\/p>\n","protected":false},"author":1,"featured_media":0,"comment_status":"open","ping_status":"open","sticky":false,"template":"","format":"standard","meta":{"footnotes":""},"categories":[1],"tags":[],"class_list":["post-170","post","type-post","status-publish","format-standard","hentry","category-non-classe"],"_links":{"self":[{"href":"http:\/\/uscadalen.fr\/index.php?rest_route=\/wp\/v2\/posts\/170"}],"collection":[{"href":"http:\/\/uscadalen.fr\/index.php?rest_route=\/wp\/v2\/posts"}],"about":[{"href":"http:\/\/uscadalen.fr\/index.php?rest_route=\/wp\/v2\/types\/post"}],"author":[{"embeddable":true,"href":"http:\/\/uscadalen.fr\/index.php?rest_route=\/wp\/v2\/users\/1"}],"replies":[{"embeddable":true,"href":"http:\/\/uscadalen.fr\/index.php?rest_route=%2Fwp%2Fv2%2Fcomments&post=170"}],"version-history":[{"count":7,"href":"http:\/\/uscadalen.fr\/index.php?rest_route=\/wp\/v2\/posts\/170\/revisions"}],"predecessor-version":[{"id":172,"href":"http:\/\/uscadalen.fr\/index.php?rest_route=\/wp\/v2\/posts\/170\/revisions\/172"}],"wp:attachment":[{"href":"http:\/\/uscadalen.fr\/index.php?rest_route=%2Fwp%2Fv2%2Fmedia&parent=170"}],"wp:term":[{"taxonomy":"category","embeddable":true,"href":"http:\/\/uscadalen.fr\/index.php?rest_route=%2Fwp%2Fv2%2Fcategories&post=170"},{"taxonomy":"post_tag","embeddable":true,"href":"http:\/\/uscadalen.fr\/index.php?rest_route=%2Fwp%2Fv2%2Ftags&post=170"}],"curies":[{"name":"wp","href":"https:\/\/api.w.org\/{rel}","templated":true}]}}